{"id":23218,"date":"2022-11-21T16:30:44","date_gmt":"2022-11-21T15:30:44","guid":{"rendered":"https:\/\/www.pontedeume.gal\/?p=23218"},"modified":"2022-12-07T15:32:36","modified_gmt":"2022-12-07T14:32:36","slug":"programa-bono-social-de-compra-proteccion-nadal-2022","status":"publish","type":"post","link":"https:\/\/www.pontedeume.gal\/es\/programa-bono-social-de-compra-proteccion-nadal-2022\/","title":{"rendered":"Programa Bono Social de compra Protecci\u00f3n Nadal 2022"},"content":{"rendered":"<p>El Ayuntamiento de Pontedeume destina 6.500 \u20ac al programa\u00a0 \u00abBono Social de Compra Navidad 2022\u00bb para la realizaci\u00f3n de compras en los establecimientos comerciales de Pontedeume que deseen adherirse la esta iniciativa.<\/p>\n<p>Estos bonos, con un importe de 65 \u20ac, est\u00e1n dirigidos a las usuarias y usuarios que est\u00e9n inclu\u00eddos dentro de alguno de los siguientes programas gestionados desde el departamento municipal de Servicios Sociales:<br \/>\nAyudas municipales de emergencia social, Programa de ayuda alimentarias a las personas desfavorecidas, Renta de Inclusi\u00f3n Social de Galicia (RISGA) o Tarjeta social b\u00e1sica.<\/p>\n<p>Los interesados, junto con la solicitud, deben presentar el certificado de empadronamiento colectivo para que cada uno de los miembros de la unidad familiar obtenga su bono.<\/p>\n<p>Todos los establecimientos comerciales ubicados en Pontedeume que deseen adherirse a esta iniciativa pueden presentar su solicitud junto con el DNI del titular o CIF del establecimiento y el certificado de hasta en el censo de Actividades Econ\u00f3micas.<\/p>\n<p>Las solicitudes tanto para los beneficiarios de los bonos como de los establecimientos pueden presentarse hasta el 24 de noviembre de 2022.<\/p>\n<p>Una vez se verifique la documentaci\u00f3n entregada, las personas beneficiarias recibir\u00e1n sus bono que se podr\u00e1n canjear hasta el 11 de diciembre en los establecimientos adheridos que mostrar un logo distintivo de participaci\u00f3n en este programa.<\/p>\n<p>&nbsp;<\/p>\n<div class='w3eden'><!-- WPDM Link Template: Default Template -->\n\n<div class=\"link-template-default card mb-2\">\n    <div class=\"card-body\">\n        <div class=\"media\">\n            <div class=\"mr-3 img-48\"><img decoding=\"async\" class=\"wpdm_icon\" alt=\"Icono\" src=\"https:\/\/www.pontedeume.gal\/wp-content\/plugins\/download-manager\/assets\/file-type-icons\/pdf.svg\" \/><\/div>\n            <div class=\"media-body\">\n\t\t\t\t<strong class=\"ptitle\">Bases Programa Bono Social de compra Nadal 2022<\/strong>\n\t\t\t\t\n                <div class=\"text-muted text-small\"><i class=\"fas fa-hdd\"><\/i> 151.87 KB<\/div>\n            <\/div>\n            <div class=\"ml-3\">\n\t\t\t\t<a class=\"wpdm-download-link download-on-click btn btn-primary btn-sm\" href=\"https:\/\/www.pontedeume.gal\/download\/bases-programa-bonos-proteccion-nadal-2022\/?wpdmdl=23220&refresh=69f1d97f002ad1777457535\" target=\"_blank\" rel=\"noopener\" style=\"color=red;\">Descargar<\/a>\n            <\/div>\n        <\/div>\n    <\/div>\n<\/div>\n\n<\/div>\n<div class='w3eden'><!-- WPDM Link Template: Default Template -->\n\n<div class=\"link-template-default card mb-2\">\n    <div class=\"card-body\">\n        <div class=\"media\">\n            <div class=\"mr-3 img-48\"><img decoding=\"async\" class=\"wpdm_icon\" alt=\"Icono\" src=\"https:\/\/www.pontedeume.gal\/wp-content\/plugins\/download-manager\/assets\/file-type-icons\/pdf.svg\" \/><\/div>\n            <div class=\"media-body\">\n\t\t\t\t<strong class=\"ptitle\">Solicitude Beneficiarias\/os Programa Bono Social de compra Nadal 2022<\/strong>\n\t\t\t\t\n                <div class=\"text-muted text-small\"><i class=\"fas fa-hdd\"><\/i> 327.80 KB<\/div>\n            <\/div>\n            <div class=\"ml-3\">\n\t\t\t\t<a class=\"wpdm-download-link download-on-click btn btn-primary btn-sm\" href=\"https:\/\/www.pontedeume.gal\/download\/solicitude-beneficiarias-os-programa-bonos-proteccion-nadal-2022\/?wpdmdl=23221&refresh=69f1d97f9595e1777457535\" target=\"_blank\" rel=\"noopener\" style=\"color=red;\">Descargar<\/a>\n            <\/div>\n        <\/div>\n    <\/div>\n<\/div>\n\n<\/div>\n<div class='w3eden'><!-- WPDM Link Template: Default Template -->\n\n<div class=\"link-template-default card mb-2\">\n    <div class=\"card-body\">\n        <div class=\"media\">\n            <div class=\"mr-3 img-48\"><img decoding=\"async\" class=\"wpdm_icon\" alt=\"Icono\" src=\"https:\/\/www.pontedeume.gal\/wp-content\/plugins\/download-manager\/assets\/file-type-icons\/pdf.svg\" \/><\/div>\n            <div class=\"media-body\">\n\t\t\t\t<strong class=\"ptitle\">Solicitude Adhesi\u00f3n Establecementos Programa Bono Social de Compra Nadal 2022<\/strong>\n\t\t\t\t\n                <div class=\"text-muted text-small\"><i class=\"fas fa-hdd\"><\/i> 356.78 KB<\/div>\n            <\/div>\n            <div class=\"ml-3\">\n\t\t\t\t<a class=\"wpdm-download-link download-on-click btn btn-primary btn-sm\" href=\"https:\/\/www.pontedeume.gal\/download\/solicitude-adhesion-establecementos-programa-bonos-proteccion-nadal-2022\/?wpdmdl=23222&refresh=69f1d98095f1e1777457536\" target=\"_blank\" rel=\"noopener\" style=\"color=red;\">Descargar<\/a>\n            <\/div>\n        <\/div>\n    <\/div>\n<\/div>\n\n<\/div>\n<div class='w3eden'><!-- WPDM Link Template: Default Template -->\n\n<div class=\"link-template-default card mb-2\">\n    <div class=\"card-body\">\n        <div class=\"media\">\n            <div class=\"mr-3 img-48\"><img decoding=\"async\" class=\"wpdm_icon\" alt=\"Icono\" src=\"https:\/\/www.pontedeume.gal\/wp-content\/plugins\/download-manager\/assets\/file-type-icons\/pdf.svg\" \/><\/div>\n            <div class=\"media-body\">\n\t\t\t\t<strong class=\"ptitle\">Documentaci\u00f3n para establecementos adheridos Programa Bonos Social de compra Nadal 2022<\/strong>\n\t\t\t\t\n                <div class=\"text-muted text-small\"><i class=\"fas fa-hdd\"><\/i> 506.05 KB<\/div>\n            <\/div>\n            <div class=\"ml-3\">\n\t\t\t\t<a class=\"wpdm-download-link download-on-click btn btn-primary btn-sm\" href=\"https:\/\/www.pontedeume.gal\/download\/documentacion-para-establecimientos-adheridos-programa-bonos-proteccion-nadal-2022\/?wpdmdl=23223&refresh=69f1d98177af51777457537\" target=\"_blank\" rel=\"noopener\" style=\"color=red;\">Descargar<\/a>\n            <\/div>\n        <\/div>\n    <\/div>\n<\/div>\n\n<\/div>\n<div class='w3eden'><!-- WPDM Link Template: Default Template -->\n\n<div class=\"link-template-default card mb-2\">\n    <div class=\"card-body\">\n        <div class=\"media\">\n            <div class=\"mr-3 img-48\"><img decoding=\"async\" class=\"wpdm_icon\" alt=\"Icono\" src=\"https:\/\/www.pontedeume.gal\/wp-content\/plugins\/download-manager\/assets\/file-type-icons\/pdf.svg\" \/><\/div>\n            <div class=\"media-body\">\n\t\t\t\t<strong class=\"ptitle\">Resumo e indicaci\u00f3ns para establecementos e solicitantes do bono<\/strong>\n\t\t\t\t\n                <div class=\"text-muted text-small\"><i class=\"fas fa-hdd\"><\/i> 1.41 MB<\/div>\n            <\/div>\n            <div class=\"ml-3\">\n\t\t\t\t<a class=\"wpdm-download-link download-on-click btn btn-primary btn-sm\" href=\"https:\/\/www.pontedeume.gal\/download\/resumo-e-indicacions-para-establecementos-e-solicitantes-do-bono\/?wpdmdl=23240&refresh=69f1d982610671777457538\" target=\"_blank\" rel=\"noopener\" style=\"color=red;\">Descargar<\/a>\n            <\/div>\n        <\/div>\n    <\/div>\n<\/div>\n\n<\/div>\n<div class='w3eden'><!-- WPDM Link Template: Default Template -->\n\n<div class=\"link-template-default card mb-2\">\n    <div class=\"card-body\">\n        <div class=\"media\">\n            <div class=\"mr-3 img-48\"><img decoding=\"async\" class=\"wpdm_icon\" alt=\"Icono\" src=\"https:\/\/www.pontedeume.gal\/wp-content\/plugins\/download-manager\/assets\/file-type-icons\/pdf.svg\" \/><\/div>\n            <div class=\"media-body\">\n\t\t\t\t<strong class=\"ptitle\">Resoluci\u00f3n solicitudes presentadas Programa de Bonos<\/strong>\n\t\t\t\t\n                <div class=\"text-muted text-small\"><i class=\"fas fa-hdd\"><\/i> 134.60 KB<\/div>\n            <\/div>\n            <div class=\"ml-3\">\n\t\t\t\t<a class=\"wpdm-download-link download-on-click btn btn-primary btn-sm\" href=\"https:\/\/www.pontedeume.gal\/download\/resolucion-solicitudes-presentadas-programa-de-bonos-beneficiarias-beneficiarios-establecementos-adheridos\/?wpdmdl=23347&refresh=69f1d98335c131777457539\" target=\"_blank\" rel=\"noopener\" style=\"color=red;\">Descargar<\/a>\n            <\/div>\n        <\/div>\n    <\/div>\n<\/div>\n\n<\/div>\n<p>&nbsp;<\/p>\n<p>&nbsp;<\/p>\n","protected":false},"excerpt":{"rendered":"<p>El Ayuntamiento de Pontedeume destina 6.500 \u20ac al programa\u00a0 \u00abBono Social de Compra Navidad 2022\u00bb para la realizaci\u00f3n de compras en los establecimientos comerciales de Pontedeume que deseen adherirse la&#8230;<\/p>\n","protected":false},"author":7,"featured_media":23233,"comment_status":"closed","ping_status":"closed","sticky":false,"template":"","format":"image","meta":{"inline_featured_image":false,"footnotes":""},"categories":[353,335,355],"tags":[],"class_list":["post-23218","post","type-post","status-publish","format-image","has-post-thumbnail","hentry","category-comercio-2","category-igualdad","category-servicios-sociales","post_format-post-format-image"],"yoast_head":"<!-- This site is optimized with the Yoast SEO plugin v26.2 - https:\/\/yoast.com\/wordpress\/plugins\/seo\/ -->\n<title>Programa Bono Social de compra Protecci\u00f3n Nadal 2022 | Concello de Pontedeume<\/title>\n<meta name=\"robots\" content=\"index, follow, max-snippet:-1, max-image-preview:large, max-video-preview:-1\" \/>\n<link rel=\"canonical\" href=\"https:\/\/www.pontedeume.gal\/es\/programa-bono-social-de-compra-proteccion-nadal-2022\/\" \/>\n<meta property=\"og:locale\" content=\"es_ES\" \/>\n<meta property=\"og:type\" content=\"article\" \/>\n<meta property=\"og:title\" content=\"Programa Bono Social de compra Protecci\u00f3n Nadal 2022 | Concello de Pontedeume\" \/>\n<meta property=\"og:description\" content=\"El Ayuntamiento de Pontedeume destina 6.500 \u20ac al programa\u00a0 \u00abBono Social de Compra Navidad 2022\u00bb para la realizaci\u00f3n de compras en los establecimientos comerciales de Pontedeume que deseen adherirse la...\" \/>\n<meta property=\"og:url\" content=\"https:\/\/www.pontedeume.gal\/es\/programa-bono-social-de-compra-proteccion-nadal-2022\/\" \/>\n<meta property=\"og:site_name\" content=\"Concello de Pontedeume\" \/>\n<meta property=\"article:publisher\" content=\"https:\/\/www.facebook.com\/concellodepontedeume\/\" \/>\n<meta property=\"article:published_time\" content=\"2022-11-21T15:30:44+00:00\" \/>\n<meta property=\"article:modified_time\" content=\"2022-12-07T14:32:36+00:00\" \/>\n<meta property=\"og:image\" content=\"https:\/\/www.pontedeume.gal\/wp-content\/uploads\/2022\/11\/Bonos-proteccion-nadal-2022_2_600px.jpg\" \/>\n\t<meta property=\"og:image:width\" content=\"1250\" \/>\n\t<meta property=\"og:image:height\" content=\"1250\" \/>\n\t<meta property=\"og:image:type\" content=\"image\/jpeg\" \/>\n<meta name=\"author\" content=\"Concello de Pontedeume\" \/>\n<meta name=\"twitter:label1\" content=\"Escrito por\" \/>\n\t<meta name=\"twitter:data1\" content=\"Concello de Pontedeume\" \/>\n\t<meta name=\"twitter:label2\" content=\"Tiempo de lectura\" \/>\n\t<meta name=\"twitter:data2\" content=\"2 minutos\" \/>\n<script type=\"application\/ld+json\" class=\"yoast-schema-graph\">{\"@context\":\"https:\/\/schema.org\",\"@graph\":[{\"@type\":\"Article\",\"@id\":\"https:\/\/www.pontedeume.gal\/es\/programa-bono-social-de-compra-proteccion-nadal-2022\/#article\",\"isPartOf\":{\"@id\":\"https:\/\/www.pontedeume.gal\/es\/programa-bono-social-de-compra-proteccion-nadal-2022\/\"},\"author\":{\"name\":\"Concello de Pontedeume\",\"@id\":\"https:\/\/www.pontedeume.gal\/es\/#\/schema\/person\/9618fdcad85cf4fd05c945feb5cd53a0\"},\"headline\":\"Programa Bono Social de compra Protecci\u00f3n Nadal 2022\",\"datePublished\":\"2022-11-21T15:30:44+00:00\",\"dateModified\":\"2022-12-07T14:32:36+00:00\",\"mainEntityOfPage\":{\"@id\":\"https:\/\/www.pontedeume.gal\/es\/programa-bono-social-de-compra-proteccion-nadal-2022\/\"},\"wordCount\":262,\"publisher\":{\"@id\":\"https:\/\/www.pontedeume.gal\/es\/#organization\"},\"image\":{\"@id\":\"https:\/\/www.pontedeume.gal\/es\/programa-bono-social-de-compra-proteccion-nadal-2022\/#primaryimage\"},\"thumbnailUrl\":\"https:\/\/www.pontedeume.gal\/wp-content\/uploads\/2022\/11\/Bonos-proteccion-nadal-2022_2_600px.jpg\",\"articleSection\":[\"Comercio\",\"Igualdad\",\"Servicios Sociales\"],\"inLanguage\":\"es\"},{\"@type\":\"WebPage\",\"@id\":\"https:\/\/www.pontedeume.gal\/es\/programa-bono-social-de-compra-proteccion-nadal-2022\/\",\"url\":\"https:\/\/www.pontedeume.gal\/es\/programa-bono-social-de-compra-proteccion-nadal-2022\/\",\"name\":\"Programa Bono Social de compra Protecci\u00f3n Nadal 2022 | Concello de Pontedeume\",\"isPartOf\":{\"@id\":\"https:\/\/www.pontedeume.gal\/es\/#website\"},\"primaryImageOfPage\":{\"@id\":\"https:\/\/www.pontedeume.gal\/es\/programa-bono-social-de-compra-proteccion-nadal-2022\/#primaryimage\"},\"image\":{\"@id\":\"https:\/\/www.pontedeume.gal\/es\/programa-bono-social-de-compra-proteccion-nadal-2022\/#primaryimage\"},\"thumbnailUrl\":\"https:\/\/www.pontedeume.gal\/wp-content\/uploads\/2022\/11\/Bonos-proteccion-nadal-2022_2_600px.jpg\",\"datePublished\":\"2022-11-21T15:30:44+00:00\",\"dateModified\":\"2022-12-07T14:32:36+00:00\",\"breadcrumb\":{\"@id\":\"https:\/\/www.pontedeume.gal\/es\/programa-bono-social-de-compra-proteccion-nadal-2022\/#breadcrumb\"},\"inLanguage\":\"es\",\"potentialAction\":[{\"@type\":\"ReadAction\",\"target\":[\"https:\/\/www.pontedeume.gal\/es\/programa-bono-social-de-compra-proteccion-nadal-2022\/\"]}]},{\"@type\":\"ImageObject\",\"inLanguage\":\"es\",\"@id\":\"https:\/\/www.pontedeume.gal\/es\/programa-bono-social-de-compra-proteccion-nadal-2022\/#primaryimage\",\"url\":\"https:\/\/www.pontedeume.gal\/wp-content\/uploads\/2022\/11\/Bonos-proteccion-nadal-2022_2_600px.jpg\",\"contentUrl\":\"https:\/\/www.pontedeume.gal\/wp-content\/uploads\/2022\/11\/Bonos-proteccion-nadal-2022_2_600px.jpg\",\"width\":1250,\"height\":1250},{\"@type\":\"BreadcrumbList\",\"@id\":\"https:\/\/www.pontedeume.gal\/es\/programa-bono-social-de-compra-proteccion-nadal-2022\/#breadcrumb\",\"itemListElement\":[{\"@type\":\"ListItem\",\"position\":1,\"name\":\"Home\",\"item\":\"https:\/\/www.pontedeume.gal\/es\/\"},{\"@type\":\"ListItem\",\"position\":2,\"name\":\"Programa Bono Social de compra Protecci\u00f3n Nadal 2022\"}]},{\"@type\":\"WebSite\",\"@id\":\"https:\/\/www.pontedeume.gal\/es\/#website\",\"url\":\"https:\/\/www.pontedeume.gal\/es\/\",\"name\":\"Concello de Pontedeume\",\"description\":\"P\u00e1xina oficial do Concello de Pontedeume\",\"publisher\":{\"@id\":\"https:\/\/www.pontedeume.gal\/es\/#organization\"},\"potentialAction\":[{\"@type\":\"SearchAction\",\"target\":{\"@type\":\"EntryPoint\",\"urlTemplate\":\"https:\/\/www.pontedeume.gal\/es\/?s={search_term_string}\"},\"query-input\":{\"@type\":\"PropertyValueSpecification\",\"valueRequired\":true,\"valueName\":\"search_term_string\"}}],\"inLanguage\":\"es\"},{\"@type\":\"Organization\",\"@id\":\"https:\/\/www.pontedeume.gal\/es\/#organization\",\"name\":\"Concello de Pontedeume\",\"url\":\"https:\/\/www.pontedeume.gal\/es\/\",\"logo\":{\"@type\":\"ImageObject\",\"inLanguage\":\"es\",\"@id\":\"https:\/\/www.pontedeume.gal\/es\/#\/schema\/logo\/image\/\",\"url\":\"https:\/\/www.pontedeume.gal\/wp-content\/uploads\/2021\/12\/logotipo.png\",\"contentUrl\":\"https:\/\/www.pontedeume.gal\/wp-content\/uploads\/2021\/12\/logotipo.png\",\"width\":673,\"height\":200,\"caption\":\"Concello de Pontedeume\"},\"image\":{\"@id\":\"https:\/\/www.pontedeume.gal\/es\/#\/schema\/logo\/image\/\"},\"sameAs\":[\"https:\/\/www.facebook.com\/concellodepontedeume\/\"]},{\"@type\":\"Person\",\"@id\":\"https:\/\/www.pontedeume.gal\/es\/#\/schema\/person\/9618fdcad85cf4fd05c945feb5cd53a0\",\"name\":\"Concello de Pontedeume\",\"url\":\"https:\/\/www.pontedeume.gal\/es\/author\/novas-eventos\/\"}]}<\/script>\n<!-- \/ Yoast SEO plugin. -->","yoast_head_json":{"title":"Programa Bono Social de compra Protecci\u00f3n Nadal 2022 | Concello de Pontedeume","robots":{"index":"index","follow":"follow","max-snippet":"max-snippet:-1","max-image-preview":"max-image-preview:large","max-video-preview":"max-video-preview:-1"},"canonical":"https:\/\/www.pontedeume.gal\/es\/programa-bono-social-de-compra-proteccion-nadal-2022\/","og_locale":"es_ES","og_type":"article","og_title":"Programa Bono Social de compra Protecci\u00f3n Nadal 2022 | Concello de Pontedeume","og_description":"El Ayuntamiento de Pontedeume destina 6.500 \u20ac al programa\u00a0 \u00abBono Social de Compra Navidad 2022\u00bb para la realizaci\u00f3n de compras en los establecimientos comerciales de Pontedeume que deseen adherirse la...","og_url":"https:\/\/www.pontedeume.gal\/es\/programa-bono-social-de-compra-proteccion-nadal-2022\/","og_site_name":"Concello de Pontedeume","article_publisher":"https:\/\/www.facebook.com\/concellodepontedeume\/","article_published_time":"2022-11-21T15:30:44+00:00","article_modified_time":"2022-12-07T14:32:36+00:00","og_image":[{"width":1250,"height":1250,"url":"https:\/\/www.pontedeume.gal\/wp-content\/uploads\/2022\/11\/Bonos-proteccion-nadal-2022_2_600px.jpg","type":"image\/jpeg"}],"author":"Concello de Pontedeume","twitter_misc":{"Escrito por":"Concello de Pontedeume","Tiempo de lectura":"2 minutos"},"schema":{"@context":"https:\/\/schema.org","@graph":[{"@type":"Article","@id":"https:\/\/www.pontedeume.gal\/es\/programa-bono-social-de-compra-proteccion-nadal-2022\/#article","isPartOf":{"@id":"https:\/\/www.pontedeume.gal\/es\/programa-bono-social-de-compra-proteccion-nadal-2022\/"},"author":{"name":"Concello de Pontedeume","@id":"https:\/\/www.pontedeume.gal\/es\/#\/schema\/person\/9618fdcad85cf4fd05c945feb5cd53a0"},"headline":"Programa Bono Social de compra Protecci\u00f3n Nadal 2022","datePublished":"2022-11-21T15:30:44+00:00","dateModified":"2022-12-07T14:32:36+00:00","mainEntityOfPage":{"@id":"https:\/\/www.pontedeume.gal\/es\/programa-bono-social-de-compra-proteccion-nadal-2022\/"},"wordCount":262,"publisher":{"@id":"https:\/\/www.pontedeume.gal\/es\/#organization"},"image":{"@id":"https:\/\/www.pontedeume.gal\/es\/programa-bono-social-de-compra-proteccion-nadal-2022\/#primaryimage"},"thumbnailUrl":"https:\/\/www.pontedeume.gal\/wp-content\/uploads\/2022\/11\/Bonos-proteccion-nadal-2022_2_600px.jpg","articleSection":["Comercio","Igualdad","Servicios Sociales"],"inLanguage":"es"},{"@type":"WebPage","@id":"https:\/\/www.pontedeume.gal\/es\/programa-bono-social-de-compra-proteccion-nadal-2022\/","url":"https:\/\/www.pontedeume.gal\/es\/programa-bono-social-de-compra-proteccion-nadal-2022\/","name":"Programa Bono Social de compra Protecci\u00f3n Nadal 2022 | Concello de Pontedeume","isPartOf":{"@id":"https:\/\/www.pontedeume.gal\/es\/#website"},"primaryImageOfPage":{"@id":"https:\/\/www.pontedeume.gal\/es\/programa-bono-social-de-compra-proteccion-nadal-2022\/#primaryimage"},"image":{"@id":"https:\/\/www.pontedeume.gal\/es\/programa-bono-social-de-compra-proteccion-nadal-2022\/#primaryimage"},"thumbnailUrl":"https:\/\/www.pontedeume.gal\/wp-content\/uploads\/2022\/11\/Bonos-proteccion-nadal-2022_2_600px.jpg","datePublished":"2022-11-21T15:30:44+00:00","dateModified":"2022-12-07T14:32:36+00:00","breadcrumb":{"@id":"https:\/\/www.pontedeume.gal\/es\/programa-bono-social-de-compra-proteccion-nadal-2022\/#breadcrumb"},"inLanguage":"es","potentialAction":[{"@type":"ReadAction","target":["https:\/\/www.pontedeume.gal\/es\/programa-bono-social-de-compra-proteccion-nadal-2022\/"]}]},{"@type":"ImageObject","inLanguage":"es","@id":"https:\/\/www.pontedeume.gal\/es\/programa-bono-social-de-compra-proteccion-nadal-2022\/#primaryimage","url":"https:\/\/www.pontedeume.gal\/wp-content\/uploads\/2022\/11\/Bonos-proteccion-nadal-2022_2_600px.jpg","contentUrl":"https:\/\/www.pontedeume.gal\/wp-content\/uploads\/2022\/11\/Bonos-proteccion-nadal-2022_2_600px.jpg","width":1250,"height":1250},{"@type":"BreadcrumbList","@id":"https:\/\/www.pontedeume.gal\/es\/programa-bono-social-de-compra-proteccion-nadal-2022\/#breadcrumb","itemListElement":[{"@type":"ListItem","position":1,"name":"Home","item":"https:\/\/www.pontedeume.gal\/es\/"},{"@type":"ListItem","position":2,"name":"Programa Bono Social de compra Protecci\u00f3n Nadal 2022"}]},{"@type":"WebSite","@id":"https:\/\/www.pontedeume.gal\/es\/#website","url":"https:\/\/www.pontedeume.gal\/es\/","name":"Concello de Pontedeume","description":"P\u00e1xina oficial do Concello de Pontedeume","publisher":{"@id":"https:\/\/www.pontedeume.gal\/es\/#organization"},"potentialAction":[{"@type":"SearchAction","target":{"@type":"EntryPoint","urlTemplate":"https:\/\/www.pontedeume.gal\/es\/?s={search_term_string}"},"query-input":{"@type":"PropertyValueSpecification","valueRequired":true,"valueName":"search_term_string"}}],"inLanguage":"es"},{"@type":"Organization","@id":"https:\/\/www.pontedeume.gal\/es\/#organization","name":"Concello de Pontedeume","url":"https:\/\/www.pontedeume.gal\/es\/","logo":{"@type":"ImageObject","inLanguage":"es","@id":"https:\/\/www.pontedeume.gal\/es\/#\/schema\/logo\/image\/","url":"https:\/\/www.pontedeume.gal\/wp-content\/uploads\/2021\/12\/logotipo.png","contentUrl":"https:\/\/www.pontedeume.gal\/wp-content\/uploads\/2021\/12\/logotipo.png","width":673,"height":200,"caption":"Concello de Pontedeume"},"image":{"@id":"https:\/\/www.pontedeume.gal\/es\/#\/schema\/logo\/image\/"},"sameAs":["https:\/\/www.facebook.com\/concellodepontedeume\/"]},{"@type":"Person","@id":"https:\/\/www.pontedeume.gal\/es\/#\/schema\/person\/9618fdcad85cf4fd05c945feb5cd53a0","name":"Concello de Pontedeume","url":"https:\/\/www.pontedeume.gal\/es\/author\/novas-eventos\/"}]}},"_links":{"self":[{"href":"https:\/\/www.pontedeume.gal\/es\/wp-json\/wp\/v2\/posts\/23218","targetHints":{"allow":["GET"]}}],"collection":[{"href":"https:\/\/www.pontedeume.gal\/es\/wp-json\/wp\/v2\/posts"}],"about":[{"href":"https:\/\/www.pontedeume.gal\/es\/wp-json\/wp\/v2\/types\/post"}],"author":[{"embeddable":true,"href":"https:\/\/www.pontedeume.gal\/es\/wp-json\/wp\/v2\/users\/7"}],"replies":[{"embeddable":true,"href":"https:\/\/www.pontedeume.gal\/es\/wp-json\/wp\/v2\/comments?post=23218"}],"version-history":[{"count":2,"href":"https:\/\/www.pontedeume.gal\/es\/wp-json\/wp\/v2\/posts\/23218\/revisions"}],"predecessor-version":[{"id":23351,"href":"https:\/\/www.pontedeume.gal\/es\/wp-json\/wp\/v2\/posts\/23218\/revisions\/23351"}],"wp:featuredmedia":[{"embeddable":true,"href":"https:\/\/www.pontedeume.gal\/es\/wp-json\/wp\/v2\/media\/23233"}],"wp:attachment":[{"href":"https:\/\/www.pontedeume.gal\/es\/wp-json\/wp\/v2\/media?parent=23218"}],"wp:term":[{"taxonomy":"category","embeddable":true,"href":"https:\/\/www.pontedeume.gal\/es\/wp-json\/wp\/v2\/categories?post=23218"},{"taxonomy":"post_tag","embeddable":true,"href":"https:\/\/www.pontedeume.gal\/es\/wp-json\/wp\/v2\/tags?post=23218"}],"curies":[{"name":"wp","href":"https:\/\/api.w.org\/{rel}","templated":true}]}}