{"id":23135,"date":"2022-11-16T08:38:32","date_gmt":"2022-11-16T07:38:32","guid":{"rendered":"https:\/\/www.pontedeume.gal\/?p=23135"},"modified":"2022-11-17T12:04:04","modified_gmt":"2022-11-17T11:04:04","slug":"vuelve-a-pontedeume-el-programa-cuidados-puerta-a-puerta","status":"publish","type":"post","link":"https:\/\/www.pontedeume.gal\/es\/vuelve-a-pontedeume-el-programa-cuidados-puerta-a-puerta\/","title":{"rendered":"Vuelve a Pontedeume el programa \u00abCuidados puerta a puerta\u00bb"},"content":{"rendered":"<p>El programa \u201cCuidados puerta a puerta\u201d volver\u00e1 a Pontedeume durante la primera semana de diciembre.<br \/>\nEl objetivo del programa es prestar asistencia sanitaria para persoas mayores en el rural.<\/p>\n<p>Los servicis incluyen estimulaci\u00f3n de la memoria, podolog\u00eda e audiolog\u00eda. Ser\u00e1n gratu\u00edtos para todas las personas mayores de 55 a\u00f1os.<\/p>\n<p>IMPORTANTE: Es necesario solicitar CITA PREVIA.<br \/>\nLas fechas concretas ser\u00e1n el 2, 5, 9 y 12 de Decembro. El autob\u00fas estar\u00e1 instalado en la AVDA. RICARDO S\u00c1NCHEZ, en el PARQUE SARMIENTO.<\/p>\n<p>Para solicitar cita contacte con:<br \/>\nTel\u00e9fono(s): 622 748 283 o 623 546 992<br \/>\ne-mail: coidadosportaaporta.politicasocial@xuntal.gal<\/p>\n","protected":false},"excerpt":{"rendered":"<p>El programa \u201cCuidados puerta a puerta\u201d volver\u00e1 a Pontedeume durante la primera semana de diciembre. El objetivo del programa es prestar asistencia sanitaria para persoas mayores en el rural. Los&#8230;<\/p>\n","protected":false},"author":7,"featured_media":23133,"comment_status":"closed","ping_status":"closed","sticky":false,"template":"","format":"image","meta":{"inline_featured_image":false,"footnotes":""},"categories":[335,355],"tags":[],"class_list":["post-23135","post","type-post","status-publish","format-image","has-post-thumbnail","hentry","category-igualdad","category-servicios-sociales","post_format-post-format-image"],"yoast_head":"<!-- This site is optimized with the Yoast SEO plugin v26.2 - https:\/\/yoast.com\/wordpress\/plugins\/seo\/ -->\n<title>Vuelve a Pontedeume el programa &quot;Cuidados puerta a puerta&quot; | Concello de Pontedeume<\/title>\n<meta name=\"robots\" content=\"index, follow, max-snippet:-1, max-image-preview:large, max-video-preview:-1\" \/>\n<link rel=\"canonical\" href=\"https:\/\/www.pontedeume.gal\/es\/vuelve-a-pontedeume-el-programa-cuidados-puerta-a-puerta\/\" \/>\n<meta property=\"og:locale\" content=\"es_ES\" \/>\n<meta property=\"og:type\" content=\"article\" \/>\n<meta property=\"og:title\" content=\"Vuelve a Pontedeume el programa &quot;Cuidados puerta a puerta&quot; | Concello de Pontedeume\" \/>\n<meta property=\"og:description\" content=\"El programa \u201cCuidados puerta a puerta\u201d volver\u00e1 a Pontedeume durante la primera semana de diciembre. El objetivo del programa es prestar asistencia sanitaria para persoas mayores en el rural. Los...\" \/>\n<meta property=\"og:url\" content=\"https:\/\/www.pontedeume.gal\/es\/vuelve-a-pontedeume-el-programa-cuidados-puerta-a-puerta\/\" \/>\n<meta property=\"og:site_name\" content=\"Concello de Pontedeume\" \/>\n<meta property=\"article:publisher\" content=\"https:\/\/www.facebook.com\/concellodepontedeume\/\" \/>\n<meta property=\"article:published_time\" content=\"2022-11-16T07:38:32+00:00\" \/>\n<meta property=\"article:modified_time\" content=\"2022-11-17T11:04:04+00:00\" \/>\n<meta property=\"og:image\" content=\"https:\/\/www.pontedeume.gal\/wp-content\/uploads\/2022\/11\/PortaAPorta_Decembro2022_web.jpg\" \/>\n\t<meta property=\"og:image:width\" content=\"621\" \/>\n\t<meta property=\"og:image:height\" content=\"878\" \/>\n\t<meta property=\"og:image:type\" content=\"image\/jpeg\" \/>\n<meta name=\"author\" content=\"Concello de Pontedeume\" \/>\n<meta name=\"twitter:label1\" content=\"Escrito por\" \/>\n\t<meta name=\"twitter:data1\" content=\"Concello de Pontedeume\" \/>\n\t<meta name=\"twitter:label2\" content=\"Tiempo de lectura\" \/>\n\t<meta name=\"twitter:data2\" content=\"1 minuto\" \/>\n<script type=\"application\/ld+json\" class=\"yoast-schema-graph\">{\"@context\":\"https:\/\/schema.org\",\"@graph\":[{\"@type\":\"Article\",\"@id\":\"https:\/\/www.pontedeume.gal\/es\/vuelve-a-pontedeume-el-programa-cuidados-puerta-a-puerta\/#article\",\"isPartOf\":{\"@id\":\"https:\/\/www.pontedeume.gal\/es\/vuelve-a-pontedeume-el-programa-cuidados-puerta-a-puerta\/\"},\"author\":{\"name\":\"Concello de Pontedeume\",\"@id\":\"https:\/\/www.pontedeume.gal\/es\/#\/schema\/person\/9618fdcad85cf4fd05c945feb5cd53a0\"},\"headline\":\"Vuelve a Pontedeume el programa \u00abCuidados puerta a puerta\u00bb\",\"datePublished\":\"2022-11-16T07:38:32+00:00\",\"dateModified\":\"2022-11-17T11:04:04+00:00\",\"mainEntityOfPage\":{\"@id\":\"https:\/\/www.pontedeume.gal\/es\/vuelve-a-pontedeume-el-programa-cuidados-puerta-a-puerta\/\"},\"wordCount\":107,\"publisher\":{\"@id\":\"https:\/\/www.pontedeume.gal\/es\/#organization\"},\"image\":{\"@id\":\"https:\/\/www.pontedeume.gal\/es\/vuelve-a-pontedeume-el-programa-cuidados-puerta-a-puerta\/#primaryimage\"},\"thumbnailUrl\":\"https:\/\/www.pontedeume.gal\/wp-content\/uploads\/2022\/11\/PortaAPorta_Decembro2022_web.jpg\",\"articleSection\":[\"Igualdad\",\"Servicios Sociales\"],\"inLanguage\":\"es\"},{\"@type\":\"WebPage\",\"@id\":\"https:\/\/www.pontedeume.gal\/es\/vuelve-a-pontedeume-el-programa-cuidados-puerta-a-puerta\/\",\"url\":\"https:\/\/www.pontedeume.gal\/es\/vuelve-a-pontedeume-el-programa-cuidados-puerta-a-puerta\/\",\"name\":\"Vuelve a Pontedeume el programa \\\"Cuidados puerta a puerta\\\" | Concello de Pontedeume\",\"isPartOf\":{\"@id\":\"https:\/\/www.pontedeume.gal\/es\/#website\"},\"primaryImageOfPage\":{\"@id\":\"https:\/\/www.pontedeume.gal\/es\/vuelve-a-pontedeume-el-programa-cuidados-puerta-a-puerta\/#primaryimage\"},\"image\":{\"@id\":\"https:\/\/www.pontedeume.gal\/es\/vuelve-a-pontedeume-el-programa-cuidados-puerta-a-puerta\/#primaryimage\"},\"thumbnailUrl\":\"https:\/\/www.pontedeume.gal\/wp-content\/uploads\/2022\/11\/PortaAPorta_Decembro2022_web.jpg\",\"datePublished\":\"2022-11-16T07:38:32+00:00\",\"dateModified\":\"2022-11-17T11:04:04+00:00\",\"breadcrumb\":{\"@id\":\"https:\/\/www.pontedeume.gal\/es\/vuelve-a-pontedeume-el-programa-cuidados-puerta-a-puerta\/#breadcrumb\"},\"inLanguage\":\"es\",\"potentialAction\":[{\"@type\":\"ReadAction\",\"target\":[\"https:\/\/www.pontedeume.gal\/es\/vuelve-a-pontedeume-el-programa-cuidados-puerta-a-puerta\/\"]}]},{\"@type\":\"ImageObject\",\"inLanguage\":\"es\",\"@id\":\"https:\/\/www.pontedeume.gal\/es\/vuelve-a-pontedeume-el-programa-cuidados-puerta-a-puerta\/#primaryimage\",\"url\":\"https:\/\/www.pontedeume.gal\/wp-content\/uploads\/2022\/11\/PortaAPorta_Decembro2022_web.jpg\",\"contentUrl\":\"https:\/\/www.pontedeume.gal\/wp-content\/uploads\/2022\/11\/PortaAPorta_Decembro2022_web.jpg\",\"width\":621,\"height\":878},{\"@type\":\"BreadcrumbList\",\"@id\":\"https:\/\/www.pontedeume.gal\/es\/vuelve-a-pontedeume-el-programa-cuidados-puerta-a-puerta\/#breadcrumb\",\"itemListElement\":[{\"@type\":\"ListItem\",\"position\":1,\"name\":\"Home\",\"item\":\"https:\/\/www.pontedeume.gal\/es\/\"},{\"@type\":\"ListItem\",\"position\":2,\"name\":\"Vuelve a Pontedeume el programa &#8220;Cuidados puerta a puerta&#8221;\"}]},{\"@type\":\"WebSite\",\"@id\":\"https:\/\/www.pontedeume.gal\/es\/#website\",\"url\":\"https:\/\/www.pontedeume.gal\/es\/\",\"name\":\"Concello de Pontedeume\",\"description\":\"P\u00e1xina oficial do Concello de Pontedeume\",\"publisher\":{\"@id\":\"https:\/\/www.pontedeume.gal\/es\/#organization\"},\"potentialAction\":[{\"@type\":\"SearchAction\",\"target\":{\"@type\":\"EntryPoint\",\"urlTemplate\":\"https:\/\/www.pontedeume.gal\/es\/?s={search_term_string}\"},\"query-input\":{\"@type\":\"PropertyValueSpecification\",\"valueRequired\":true,\"valueName\":\"search_term_string\"}}],\"inLanguage\":\"es\"},{\"@type\":\"Organization\",\"@id\":\"https:\/\/www.pontedeume.gal\/es\/#organization\",\"name\":\"Concello de Pontedeume\",\"url\":\"https:\/\/www.pontedeume.gal\/es\/\",\"logo\":{\"@type\":\"ImageObject\",\"inLanguage\":\"es\",\"@id\":\"https:\/\/www.pontedeume.gal\/es\/#\/schema\/logo\/image\/\",\"url\":\"https:\/\/www.pontedeume.gal\/wp-content\/uploads\/2021\/12\/logotipo.png\",\"contentUrl\":\"https:\/\/www.pontedeume.gal\/wp-content\/uploads\/2021\/12\/logotipo.png\",\"width\":673,\"height\":200,\"caption\":\"Concello de Pontedeume\"},\"image\":{\"@id\":\"https:\/\/www.pontedeume.gal\/es\/#\/schema\/logo\/image\/\"},\"sameAs\":[\"https:\/\/www.facebook.com\/concellodepontedeume\/\"]},{\"@type\":\"Person\",\"@id\":\"https:\/\/www.pontedeume.gal\/es\/#\/schema\/person\/9618fdcad85cf4fd05c945feb5cd53a0\",\"name\":\"Concello de Pontedeume\",\"url\":\"https:\/\/www.pontedeume.gal\/es\/author\/novas-eventos\/\"}]}<\/script>\n<!-- \/ Yoast SEO plugin. -->","yoast_head_json":{"title":"Vuelve a Pontedeume el programa \"Cuidados puerta a puerta\" | Concello de Pontedeume","robots":{"index":"index","follow":"follow","max-snippet":"max-snippet:-1","max-image-preview":"max-image-preview:large","max-video-preview":"max-video-preview:-1"},"canonical":"https:\/\/www.pontedeume.gal\/es\/vuelve-a-pontedeume-el-programa-cuidados-puerta-a-puerta\/","og_locale":"es_ES","og_type":"article","og_title":"Vuelve a Pontedeume el programa \"Cuidados puerta a puerta\" | Concello de Pontedeume","og_description":"El programa \u201cCuidados puerta a puerta\u201d volver\u00e1 a Pontedeume durante la primera semana de diciembre. El objetivo del programa es prestar asistencia sanitaria para persoas mayores en el rural. Los...","og_url":"https:\/\/www.pontedeume.gal\/es\/vuelve-a-pontedeume-el-programa-cuidados-puerta-a-puerta\/","og_site_name":"Concello de Pontedeume","article_publisher":"https:\/\/www.facebook.com\/concellodepontedeume\/","article_published_time":"2022-11-16T07:38:32+00:00","article_modified_time":"2022-11-17T11:04:04+00:00","og_image":[{"width":621,"height":878,"url":"https:\/\/www.pontedeume.gal\/wp-content\/uploads\/2022\/11\/PortaAPorta_Decembro2022_web.jpg","type":"image\/jpeg"}],"author":"Concello de Pontedeume","twitter_misc":{"Escrito por":"Concello de Pontedeume","Tiempo de lectura":"1 minuto"},"schema":{"@context":"https:\/\/schema.org","@graph":[{"@type":"Article","@id":"https:\/\/www.pontedeume.gal\/es\/vuelve-a-pontedeume-el-programa-cuidados-puerta-a-puerta\/#article","isPartOf":{"@id":"https:\/\/www.pontedeume.gal\/es\/vuelve-a-pontedeume-el-programa-cuidados-puerta-a-puerta\/"},"author":{"name":"Concello de Pontedeume","@id":"https:\/\/www.pontedeume.gal\/es\/#\/schema\/person\/9618fdcad85cf4fd05c945feb5cd53a0"},"headline":"Vuelve a Pontedeume el programa \u00abCuidados puerta a puerta\u00bb","datePublished":"2022-11-16T07:38:32+00:00","dateModified":"2022-11-17T11:04:04+00:00","mainEntityOfPage":{"@id":"https:\/\/www.pontedeume.gal\/es\/vuelve-a-pontedeume-el-programa-cuidados-puerta-a-puerta\/"},"wordCount":107,"publisher":{"@id":"https:\/\/www.pontedeume.gal\/es\/#organization"},"image":{"@id":"https:\/\/www.pontedeume.gal\/es\/vuelve-a-pontedeume-el-programa-cuidados-puerta-a-puerta\/#primaryimage"},"thumbnailUrl":"https:\/\/www.pontedeume.gal\/wp-content\/uploads\/2022\/11\/PortaAPorta_Decembro2022_web.jpg","articleSection":["Igualdad","Servicios Sociales"],"inLanguage":"es"},{"@type":"WebPage","@id":"https:\/\/www.pontedeume.gal\/es\/vuelve-a-pontedeume-el-programa-cuidados-puerta-a-puerta\/","url":"https:\/\/www.pontedeume.gal\/es\/vuelve-a-pontedeume-el-programa-cuidados-puerta-a-puerta\/","name":"Vuelve a Pontedeume el programa \"Cuidados puerta a puerta\" | Concello de Pontedeume","isPartOf":{"@id":"https:\/\/www.pontedeume.gal\/es\/#website"},"primaryImageOfPage":{"@id":"https:\/\/www.pontedeume.gal\/es\/vuelve-a-pontedeume-el-programa-cuidados-puerta-a-puerta\/#primaryimage"},"image":{"@id":"https:\/\/www.pontedeume.gal\/es\/vuelve-a-pontedeume-el-programa-cuidados-puerta-a-puerta\/#primaryimage"},"thumbnailUrl":"https:\/\/www.pontedeume.gal\/wp-content\/uploads\/2022\/11\/PortaAPorta_Decembro2022_web.jpg","datePublished":"2022-11-16T07:38:32+00:00","dateModified":"2022-11-17T11:04:04+00:00","breadcrumb":{"@id":"https:\/\/www.pontedeume.gal\/es\/vuelve-a-pontedeume-el-programa-cuidados-puerta-a-puerta\/#breadcrumb"},"inLanguage":"es","potentialAction":[{"@type":"ReadAction","target":["https:\/\/www.pontedeume.gal\/es\/vuelve-a-pontedeume-el-programa-cuidados-puerta-a-puerta\/"]}]},{"@type":"ImageObject","inLanguage":"es","@id":"https:\/\/www.pontedeume.gal\/es\/vuelve-a-pontedeume-el-programa-cuidados-puerta-a-puerta\/#primaryimage","url":"https:\/\/www.pontedeume.gal\/wp-content\/uploads\/2022\/11\/PortaAPorta_Decembro2022_web.jpg","contentUrl":"https:\/\/www.pontedeume.gal\/wp-content\/uploads\/2022\/11\/PortaAPorta_Decembro2022_web.jpg","width":621,"height":878},{"@type":"BreadcrumbList","@id":"https:\/\/www.pontedeume.gal\/es\/vuelve-a-pontedeume-el-programa-cuidados-puerta-a-puerta\/#breadcrumb","itemListElement":[{"@type":"ListItem","position":1,"name":"Home","item":"https:\/\/www.pontedeume.gal\/es\/"},{"@type":"ListItem","position":2,"name":"Vuelve a Pontedeume el programa &#8220;Cuidados puerta a puerta&#8221;"}]},{"@type":"WebSite","@id":"https:\/\/www.pontedeume.gal\/es\/#website","url":"https:\/\/www.pontedeume.gal\/es\/","name":"Concello de Pontedeume","description":"P\u00e1xina oficial do Concello de Pontedeume","publisher":{"@id":"https:\/\/www.pontedeume.gal\/es\/#organization"},"potentialAction":[{"@type":"SearchAction","target":{"@type":"EntryPoint","urlTemplate":"https:\/\/www.pontedeume.gal\/es\/?s={search_term_string}"},"query-input":{"@type":"PropertyValueSpecification","valueRequired":true,"valueName":"search_term_string"}}],"inLanguage":"es"},{"@type":"Organization","@id":"https:\/\/www.pontedeume.gal\/es\/#organization","name":"Concello de Pontedeume","url":"https:\/\/www.pontedeume.gal\/es\/","logo":{"@type":"ImageObject","inLanguage":"es","@id":"https:\/\/www.pontedeume.gal\/es\/#\/schema\/logo\/image\/","url":"https:\/\/www.pontedeume.gal\/wp-content\/uploads\/2021\/12\/logotipo.png","contentUrl":"https:\/\/www.pontedeume.gal\/wp-content\/uploads\/2021\/12\/logotipo.png","width":673,"height":200,"caption":"Concello de Pontedeume"},"image":{"@id":"https:\/\/www.pontedeume.gal\/es\/#\/schema\/logo\/image\/"},"sameAs":["https:\/\/www.facebook.com\/concellodepontedeume\/"]},{"@type":"Person","@id":"https:\/\/www.pontedeume.gal\/es\/#\/schema\/person\/9618fdcad85cf4fd05c945feb5cd53a0","name":"Concello de Pontedeume","url":"https:\/\/www.pontedeume.gal\/es\/author\/novas-eventos\/"}]}},"_links":{"self":[{"href":"https:\/\/www.pontedeume.gal\/es\/wp-json\/wp\/v2\/posts\/23135","targetHints":{"allow":["GET"]}}],"collection":[{"href":"https:\/\/www.pontedeume.gal\/es\/wp-json\/wp\/v2\/posts"}],"about":[{"href":"https:\/\/www.pontedeume.gal\/es\/wp-json\/wp\/v2\/types\/post"}],"author":[{"embeddable":true,"href":"https:\/\/www.pontedeume.gal\/es\/wp-json\/wp\/v2\/users\/7"}],"replies":[{"embeddable":true,"href":"https:\/\/www.pontedeume.gal\/es\/wp-json\/wp\/v2\/comments?post=23135"}],"version-history":[{"count":2,"href":"https:\/\/www.pontedeume.gal\/es\/wp-json\/wp\/v2\/posts\/23135\/revisions"}],"predecessor-version":[{"id":23192,"href":"https:\/\/www.pontedeume.gal\/es\/wp-json\/wp\/v2\/posts\/23135\/revisions\/23192"}],"wp:featuredmedia":[{"embeddable":true,"href":"https:\/\/www.pontedeume.gal\/es\/wp-json\/wp\/v2\/media\/23133"}],"wp:attachment":[{"href":"https:\/\/www.pontedeume.gal\/es\/wp-json\/wp\/v2\/media?parent=23135"}],"wp:term":[{"taxonomy":"category","embeddable":true,"href":"https:\/\/www.pontedeume.gal\/es\/wp-json\/wp\/v2\/categories?post=23135"},{"taxonomy":"post_tag","embeddable":true,"href":"https:\/\/www.pontedeume.gal\/es\/wp-json\/wp\/v2\/tags?post=23135"}],"curies":[{"name":"wp","href":"https:\/\/api.w.org\/{rel}","templated":true}]}}